{"id":2987,"date":"2026-03-18T18:04:28","date_gmt":"2026-03-18T17:04:28","guid":{"rendered":"https:\/\/mgv-wahrenholz.de\/?p=2987"},"modified":"2026-03-18T18:04:28","modified_gmt":"2026-03-18T17:04:28","slug":"chorfreizeit-2025-6","status":"publish","type":"post","link":"https:\/\/mgv-wahrenholz.de\/?p=2987","title":{"rendered":"Chorfreizeit des MGV Wahrenholz-Vorhop"},"content":{"rendered":"\n<div class=\"wp-block-uagb-info-box uagb-block-cc6e7bf1 uagb-infobox__content-wrap  uagb-infobox-icon-above-title uagb-infobox-image-valign-top\"><div class=\"uagb-ifb-content\"><div class=\"uagb-ifb-image-content\"><img decoding=\"async\" src=\"https:\/\/mgv-wahrenholz.de\/wp-content\/uploads\/2026\/03\/5386-2026-5-0-00000000000044331720-0-1773748207-e1773853417113.png\" alt=\"\" width=\"\" height=\"0\" loading=\"lazy\"\/><\/div><div class=\"uagb-ifb-title-wrap\"><\/div><p class=\"uagb-ifb-desc\">Eine intensive Probenarbeit bildete den Mittelpunkt einer dreit\u00e4gigen Chorfreizeit des M\u00e4nnergesangvereins (MGV) Wahrenholz-Vorhop. Die Vorstandsmitglieder um Gesch\u00e4ftsf\u00fchrer Eckhard Evers hatten in diesem Jahr f\u00fcr ein Wochenende einen \u00dcbungsraum im Heidehotel in Bad Bevensen ausgew\u00e4hlt und gebucht. Chorleiter R\u00fcdiger Vopel konnte dazu ab Freitagnachmittag \u00fcber 20 S\u00e4nger des M\u00e4nnerchores zu insgesamt sieben Probenabschnitten begr\u00fc\u00dfen.<br>Nach seinen Worten sieht er den Sinn einer Chorfreizeit darin, dass neue Lieder in mehreren Proben durch konzentrierte Arbeit in kurzen Abst\u00e4nden schnell und intensiv von den S\u00e4ngern verinnerlicht werden. So wurden sowohl neue klassische als auch moderne Lieder im vierstimmigen Chorsatz einge\u00fcbt. Zudem wurde altes, bekanntes Liedgut wieder einmal aufgearbeitet. Die Auswahl der Lieder umfasste in diesem Jahr insbesondere auch die Gesangsbeitr\u00e4ge f\u00fcr das musikalische Programm als Vorbereitung auf das 125-j\u00e4hrige Jubil\u00e4um des M\u00e4nnerchores, das vom 18. bis 20 September in Wahrenholz gefeiert werden soll.<br>Die \u00d6rtlichkeiten in Bad Bevensen boten aber auch einen geeigneten Rahmen und so wurde an den drei Tagen auch die Chorgemeinschaft gef\u00f6rdert und gefestigt. Der 1. Vorsitzende des MGV, Olaf Balke, dankte dem Chorleiter f\u00fcr seine Anleitungen und freut sich schon darauf, dass die neuen Lieder der \u00d6ffentlichkeit im Laufe des Jahres nicht nur im Rahmen des Jubil\u00e4ums sondern auch beim Maisingen und beim Heidesingen im August pr\u00e4sentiert werden k\u00f6nnen.<\/p><\/div><\/div>\n\n\n\n<p><\/p>\n","protected":false},"excerpt":{"rendered":"","protected":false},"author":1,"featured_media":0,"comment_status":"closed","ping_status":"open","sticky":false,"template":"","format":"standard","meta":{"_uag_custom_page_level_css":"","site-sidebar-layout":"default","site-content-layout":"","ast-site-content-layout":"default","site-content-style":"default","site-sidebar-style":"default","ast-global-header-display":"","ast-banner-title-visibility":"","ast-main-header-display":"","ast-hfb-above-header-display":"","ast-hfb-below-header-display":"","ast-hfb-mobile-header-display":"","site-post-title":"","ast-breadcrumbs-content":"","ast-featured-img":"disabled","footer-sml-layout":"","ast-disable-related-posts":"","theme-transparent-header-meta":"","adv-header-id-meta":"","stick-header-meta":"","header-above-stick-meta":"","header-main-stick-meta":"","header-below-stick-meta":"","astra-migrate-meta-layouts":"set","ast-page-background-enabled":"default","ast-page-background-meta":{"desktop":{"background-color":"","background-image":"","background-repeat":"repeat","background-position":"center center","background-size":"auto","background-attachment":"scroll","background-type":"","background-media":"","overlay-type":"","overlay-color":"","overlay-opacity":"","overlay-gradient":""},"tablet":{"background-color":"","background-image":"","background-repeat":"repeat","background-position":"center center","background-size":"auto","background-attachment":"scroll","background-type":"","background-media":"","overlay-type":"","overlay-color":"","overlay-opacity":"","overlay-gradient":""},"mobile":{"background-color":"","background-image":"","background-repeat":"repeat","background-position":"center center","background-size":"auto","background-attachment":"scroll","background-type":"","background-media":"","overlay-type":"","overlay-color":"","overlay-opacity":"","overlay-gradient":""}},"ast-content-background-meta":{"desktop":{"background-color":"var(--ast-global-color-5)","background-image":"","background-repeat":"repeat","background-position":"center center","background-size":"auto","background-attachment":"scroll","background-type":"","background-media":"","overlay-type":"","overlay-color":"","overlay-opacity":"","overlay-gradient":""},"tablet":{"background-color":"var(--ast-global-color-5)","background-image":"","background-repeat":"repeat","background-position":"center center","background-size":"auto","background-attachment":"scroll","background-type":"","background-media":"","overlay-type":"","overlay-color":"","overlay-opacity":"","overlay-gradient":""},"mobile":{"background-color":"var(--ast-global-color-5)","background-image":"","background-repeat":"repeat","background-position":"center center","background-size":"auto","background-attachment":"scroll","background-type":"","background-media":"","overlay-type":"","overlay-color":"","overlay-opacity":"","overlay-gradient":""}},"footnotes":""},"categories":[13],"tags":[],"class_list":["post-2987","post","type-post","status-publish","format-standard","hentry","category-latest-news"],"uagb_featured_image_src":{"full":false,"thumbnail":false,"medium":false,"medium_large":false,"large":false,"1536x1536":false,"2048x2048":false},"uagb_author_info":{"display_name":"mgv-admin","author_link":"https:\/\/mgv-wahrenholz.de\/?author=1"},"uagb_comment_info":0,"uagb_excerpt":null,"_links":{"self":[{"href":"https:\/\/mgv-wahrenholz.de\/index.php?rest_route=\/wp\/v2\/posts\/2987","targetHints":{"allow":["GET"]}}],"collection":[{"href":"https:\/\/mgv-wahrenholz.de\/index.php?rest_route=\/wp\/v2\/posts"}],"about":[{"href":"https:\/\/mgv-wahrenholz.de\/index.php?rest_route=\/wp\/v2\/types\/post"}],"author":[{"embeddable":true,"href":"https:\/\/mgv-wahrenholz.de\/index.php?rest_route=\/wp\/v2\/users\/1"}],"replies":[{"embeddable":true,"href":"https:\/\/mgv-wahrenholz.de\/index.php?rest_route=%2Fwp%2Fv2%2Fcomments&post=2987"}],"version-history":[{"count":1,"href":"https:\/\/mgv-wahrenholz.de\/index.php?rest_route=\/wp\/v2\/posts\/2987\/revisions"}],"predecessor-version":[{"id":2989,"href":"https:\/\/mgv-wahrenholz.de\/index.php?rest_route=\/wp\/v2\/posts\/2987\/revisions\/2989"}],"wp:attachment":[{"href":"https:\/\/mgv-wahrenholz.de\/index.php?rest_route=%2Fwp%2Fv2%2Fmedia&parent=2987"}],"wp:term":[{"taxonomy":"category","embeddable":true,"href":"https:\/\/mgv-wahrenholz.de\/index.php?rest_route=%2Fwp%2Fv2%2Fcategories&post=2987"},{"taxonomy":"post_tag","embeddable":true,"href":"https:\/\/mgv-wahrenholz.de\/index.php?rest_route=%2Fwp%2Fv2%2Ftags&post=2987"}],"curies":[{"name":"wp","href":"https:\/\/api.w.org\/{rel}","templated":true}]}}