{"id":2981,"date":"2026-03-16T17:09:09","date_gmt":"2026-03-16T16:09:09","guid":{"rendered":"https:\/\/mgv-wahrenholz.de\/?p=2981"},"modified":"2026-03-16T17:17:12","modified_gmt":"2026-03-16T16:17:12","slug":"chorfreizeit-2025-5","status":"publish","type":"post","link":"https:\/\/mgv-wahrenholz.de\/?p=2981","title":{"rendered":"Musik verbindet Menschen \u00fcber Generationen hinweg"},"content":{"rendered":"\n<div class=\"wp-block-uagb-info-box uagb-block-cc6e7bf1 uagb-infobox__content-wrap  uagb-infobox-icon-above-title uagb-infobox-image-valign-top\"><div class=\"uagb-ifb-content\"><div class=\"uagb-ifb-image-content\"><img decoding=\"async\" src=\"https:\/\/mgv-wahrenholz.de\/wp-content\/uploads\/2026\/03\/Seniorenresidenz.jpeg\" alt=\"\" width=\"\" height=\"0\" loading=\"lazy\"\/><\/div><div class=\"uagb-ifb-title-wrap\"><h3 class=\"uagb-ifb-title\">MGV Wahrenholz-Vorhop begeistert Senioren<\/h3><\/div><p class=\"uagb-ifb-desc\"><em>Wesendorf \u2013&nbsp;<\/em>Etwa 20 S\u00e4nger des M\u00e4nnergesangvereins (MGV) Wahrenholz-Vorhop haben k\u00fcrzlich, unter der Leitung ihres Dirigenten R\u00fcdiger Vopel, die Bewohner der Seniorenresidenz in Wesendorf mit einem abwechslungsreichen Programm erfreut. Neben gef\u00fchlvollen Liedern wie \u201eFliege mit mir in die Heimat\u201c, \u201eEl Paradiso\u201c und \u201eWei\u00dft du wohin\u201c aus dem Film \u201eDr. Schiwago\u201c bot der Chor auch St\u00fccke zum Mitsingen an. Besonders lebhaft wurde es bei den Klassikern \u201eAuf der L\u00fcneburger Heide\u201c und \u201eWo die Fuhren rauschen\u201c.<br>Die Seniorinnen und Senioren stimmten kr\u00e4ftig in die vertrauten Melodien ein und zeigten gro\u00dfes Interesse an der musikalischen Darbietung. Der Vorsitzende Olaf Balke k\u00fcndigte an, dass der MGV im kommenden Jahr wiederkommen wird. Diese Zusage wurde von den Bewohnern mit kr\u00e4ftigem Beifall quittiert. Der Nachmittag zeigte einmal mehr, wie sehr Musik Menschen verbinden kann \u2013 \u00fcber Generationen hinweg.<\/p><\/div><\/div>\n\n\n\n<p>Artikel im Isenhagener Kreisblatt vom Montag, 16. M\u00e4rz 2026.<\/p>\n","protected":false},"excerpt":{"rendered":"<p>Artikel im Isenhagener Kreisblatt vom Montag, 16. M\u00e4rz 2026.<\/p>\n","protected":false},"author":1,"featured_media":0,"comment_status":"closed","ping_status":"open","sticky":false,"template":"","format":"standard","meta":{"_uag_custom_page_level_css":"","site-sidebar-layout":"default","site-content-layout":"","ast-site-content-layout":"default","site-content-style":"default","site-sidebar-style":"default","ast-global-header-display":"","ast-banner-title-visibility":"","ast-main-header-display":"","ast-hfb-above-header-display":"","ast-hfb-below-header-display":"","ast-hfb-mobile-header-display":"","site-post-title":"","ast-breadcrumbs-content":"","ast-featured-img":"disabled","footer-sml-layout":"","ast-disable-related-posts":"","theme-transparent-header-meta":"","adv-header-id-meta":"","stick-header-meta":"","header-above-stick-meta":"","header-main-stick-meta":"","header-below-stick-meta":"","astra-migrate-meta-layouts":"set","ast-page-background-enabled":"default","ast-page-background-meta":{"desktop":{"background-color":"","background-image":"","background-repeat":"repeat","background-position":"center center","background-size":"auto","background-attachment":"scroll","background-type":"","background-media":"","overlay-type":"","overlay-color":"","overlay-opacity":"","overlay-gradient":""},"tablet":{"background-color":"","background-image":"","background-repeat":"repeat","background-position":"center center","background-size":"auto","background-attachment":"scroll","background-type":"","background-media":"","overlay-type":"","overlay-color":"","overlay-opacity":"","overlay-gradient":""},"mobile":{"background-color":"","background-image":"","background-repeat":"repeat","background-position":"center center","background-size":"auto","background-attachment":"scroll","background-type":"","background-media":"","overlay-type":"","overlay-color":"","overlay-opacity":"","overlay-gradient":""}},"ast-content-background-meta":{"desktop":{"background-color":"var(--ast-global-color-5)","background-image":"","background-repeat":"repeat","background-position":"center center","background-size":"auto","background-attachment":"scroll","background-type":"","background-media":"","overlay-type":"","overlay-color":"","overlay-opacity":"","overlay-gradient":""},"tablet":{"background-color":"var(--ast-global-color-5)","background-image":"","background-repeat":"repeat","background-position":"center center","background-size":"auto","background-attachment":"scroll","background-type":"","background-media":"","overlay-type":"","overlay-color":"","overlay-opacity":"","overlay-gradient":""},"mobile":{"background-color":"var(--ast-global-color-5)","background-image":"","background-repeat":"repeat","background-position":"center center","background-size":"auto","background-attachment":"scroll","background-type":"","background-media":"","overlay-type":"","overlay-color":"","overlay-opacity":"","overlay-gradient":""}},"footnotes":""},"categories":[13],"tags":[],"class_list":["post-2981","post","type-post","status-publish","format-standard","hentry","category-latest-news"],"uagb_featured_image_src":{"full":false,"thumbnail":false,"medium":false,"medium_large":false,"large":false,"1536x1536":false,"2048x2048":false},"uagb_author_info":{"display_name":"mgv-admin","author_link":"https:\/\/mgv-wahrenholz.de\/?author=1"},"uagb_comment_info":0,"uagb_excerpt":"Artikel im Isenhagener Kreisblatt vom Montag, 16. M\u00e4rz 2026.","_links":{"self":[{"href":"https:\/\/mgv-wahrenholz.de\/index.php?rest_route=\/wp\/v2\/posts\/2981","targetHints":{"allow":["GET"]}}],"collection":[{"href":"https:\/\/mgv-wahrenholz.de\/index.php?rest_route=\/wp\/v2\/posts"}],"about":[{"href":"https:\/\/mgv-wahrenholz.de\/index.php?rest_route=\/wp\/v2\/types\/post"}],"author":[{"embeddable":true,"href":"https:\/\/mgv-wahrenholz.de\/index.php?rest_route=\/wp\/v2\/users\/1"}],"replies":[{"embeddable":true,"href":"https:\/\/mgv-wahrenholz.de\/index.php?rest_route=%2Fwp%2Fv2%2Fcomments&post=2981"}],"version-history":[{"count":3,"href":"https:\/\/mgv-wahrenholz.de\/index.php?rest_route=\/wp\/v2\/posts\/2981\/revisions"}],"predecessor-version":[{"id":2986,"href":"https:\/\/mgv-wahrenholz.de\/index.php?rest_route=\/wp\/v2\/posts\/2981\/revisions\/2986"}],"wp:attachment":[{"href":"https:\/\/mgv-wahrenholz.de\/index.php?rest_route=%2Fwp%2Fv2%2Fmedia&parent=2981"}],"wp:term":[{"taxonomy":"category","embeddable":true,"href":"https:\/\/mgv-wahrenholz.de\/index.php?rest_route=%2Fwp%2Fv2%2Fcategories&post=2981"},{"taxonomy":"post_tag","embeddable":true,"href":"https:\/\/mgv-wahrenholz.de\/index.php?rest_route=%2Fwp%2Fv2%2Ftags&post=2981"}],"curies":[{"name":"wp","href":"https:\/\/api.w.org\/{rel}","templated":true}]}}